{"id":146,"date":"2010-05-31T14:23:06","date_gmt":"2010-05-31T13:23:06","guid":{"rendered":"http:\/\/www.norbert-hense.de\/blog\/?p=146"},"modified":"2010-05-31T14:23:06","modified_gmt":"2010-05-31T13:23:06","slug":"bundesprasident-vom-volk-wahlen","status":"publish","type":"post","link":"https:\/\/norbert-hense.de\/?p=146","title":{"rendered":"Bundespr\u00e4sident vom Volk w\u00e4hlen!"},"content":{"rendered":"<p>Horst K\u00f6hler ist heute von seinem Amt als Bundespr\u00e4sident <a href=\"http:\/\/www.tagesschau.de\/inland\/koehlerruecktritt100.html\">zur\u00fcckgetreten<\/a>. In 30 Tagen wird laut Grundgesetz die n\u00e4chste <a href=\"http:\/\/de.wikipedia.org\/wiki\/Bundesversammlung_%28Deutschland%29\">Bundesversammlung<\/a> zusammenkommen und einen neuen Bundespr\u00e4sidenten w\u00e4hlen. Die Amtsgesch\u00e4fte werden kommissarisch von <a href=\"http:\/\/de.wikipedia.org\/wiki\/Jens_B%C3%B6hrnsen\">Jens B\u00f6hrnsen<\/a> (SPD) \u00fcbernommen. Als B\u00fcrgermeister der Freien Hansestadt Bremen ist er als <a href=\"http:\/\/de.wikipedia.org\/wiki\/Pr%C3%A4sident_des_Bundesrates_%28Deutschland%29#Protokollarische_Stellung_des_Bundesratspr.C3.A4sidenten\">Pr\u00e4sident des Bundesrates Stellvertreter des Bundespr\u00e4sidenten<\/a>.<\/p>\n<p>Ich nehme das zum Anlass um daf\u00fcr zu werben, den Bundespr\u00e4sidenten direkt vom Volk w\u00e4hlen zu lassen.<\/p>\n<p>Aber nicht nur das: Es sollte jeder Deutsche Bundespr\u00e4sident werden d\u00fcrfen. Gerne auch ab 18 (man darf ja schlie\u00dflich auch Abgeordneter im Landtag, EU-Parlament und Bundestag mit 18 Jahren werden).<\/p>\n<p>Als Vorraussetzung w\u00fcrde ich vorschlagen, dass ein Kandidat 4000 <a href=\"http:\/\/de.wikipedia.org\/wiki\/Unterst%C3%BCtzungsunterschriften\">Unterst\u00fctzungsunterschriften<\/a> beim <a href=\"http:\/\/de.wikipedia.org\/wiki\/Bundeswahlleiter\">Bundeswahlleiter<\/a> einreichen muss. Das ist die gleiche H\u00fcrde die eine Bundesliste einer Partei zu EU-Wahl nehmen muss. Ich finde diese H\u00fcrde fair. Wahlvorschl\u00e4ge k\u00f6nnen sowohl von Einzelpersonen als auch Parteien gemacht werden.<\/p>\n","protected":false},"excerpt":{"rendered":"<p>Horst K\u00f6hler ist heute von seinem Amt als Bundespr\u00e4sident zur\u00fcckgetreten. In 30 Tagen wird laut&#8230;<\/p>\n","protected":false},"author":-1,"featured_media":0,"comment_status":"open","ping_status":"open","sticky":false,"template":"","format":"standard","meta":{"footnotes":""},"categories":[1],"tags":[],"class_list":["post-146","post","type-post","status-publish","format-standard","hentry","category-allgemein"],"_links":{"self":[{"href":"https:\/\/norbert-hense.de\/index.php?rest_route=\/wp\/v2\/posts\/146","targetHints":{"allow":["GET"]}}],"collection":[{"href":"https:\/\/norbert-hense.de\/index.php?rest_route=\/wp\/v2\/posts"}],"about":[{"href":"https:\/\/norbert-hense.de\/index.php?rest_route=\/wp\/v2\/types\/post"}],"author":[{"embeddable":true,"href":"https:\/\/norbert-hense.de\/index.php?rest_route=\/wp\/v2\/users\/1"}],"replies":[{"embeddable":true,"href":"https:\/\/norbert-hense.de\/index.php?rest_route=%2Fwp%2Fv2%2Fcomments&post=146"}],"version-history":[{"count":0,"href":"https:\/\/norbert-hense.de\/index.php?rest_route=\/wp\/v2\/posts\/146\/revisions"}],"wp:attachment":[{"href":"https:\/\/norbert-hense.de\/index.php?rest_route=%2Fwp%2Fv2%2Fmedia&parent=146"}],"wp:term":[{"taxonomy":"category","embeddable":true,"href":"https:\/\/norbert-hense.de\/index.php?rest_route=%2Fwp%2Fv2%2Fcategories&post=146"},{"taxonomy":"post_tag","embeddable":true,"href":"https:\/\/norbert-hense.de\/index.php?rest_route=%2Fwp%2Fv2%2Ftags&post=146"}],"curies":[{"name":"wp","href":"https:\/\/api.w.org\/{rel}","templated":true}]}}