{"id":18237,"date":"2014-08-20T13:38:31","date_gmt":"2014-08-20T11:38:31","guid":{"rendered":"http:\/\/norbert-hense.de\/?p=18237"},"modified":"2015-09-30T14:55:33","modified_gmt":"2015-09-30T12:55:33","slug":"praktikumsbericht-julia-reda","status":"publish","type":"post","link":"https:\/\/norbert-hense.de\/?p=18237","title":{"rendered":"Praktikumsbericht Julia Reda"},"content":{"rendered":"<figure id=\"attachment_18240\" aria-describedby=\"caption-attachment-18240\" style=\"width: 540px\" class=\"wp-caption aligncenter\"><a href=\"http:\/\/norbert-hense.de\/wp-content\/uploads\/2014\/08\/20140704_154817.jpg\"><img loading=\"lazy\" decoding=\"async\" src=\"http:\/\/norbert-hense.de\/wp-content\/uploads\/2014\/08\/20140704_154817-540x370.jpg\" alt=\"Mein Hausausweis. Die Bildqualit\u00e4t ist bombastisch!\" width=\"540\" height=\"370\" class=\"size-medium wp-image-18240\" \/><\/a><figcaption id=\"caption-attachment-18240\" class=\"wp-caption-text\">Mein Hausausweis. Die Bildqualit\u00e4t ist bombastisch!<\/figcaption><\/figure>\n<p>1. Juli. Erster Tag als Praktikant bei Julia. Wir treffen uns morgens um 8:30 im Innenhof des Stra\u00dfburger Sitzes des EP. Julia ist schon im Gespr\u00e4ch mit Medien. Der Hessische Rundfunk (HR) begleitet sie heute.<br \/>\nBevor wir uns in das Parlament k\u00e4mpfen, begr\u00fc\u00dft uns Ulrike M\u00fcller. Sie ist die Abgeordnete der Freien W\u00e4hler. Man tauscht sich kurz aus.<\/p>\n<figure id=\"attachment_18238\" aria-describedby=\"caption-attachment-18238\" style=\"width: 540px\" class=\"wp-caption aligncenter\"><a href=\"http:\/\/norbert-hense.de\/wp-content\/uploads\/2014\/08\/20140701_084107.jpg\"><img loading=\"lazy\" decoding=\"async\" src=\"http:\/\/norbert-hense.de\/wp-content\/uploads\/2014\/08\/20140701_084107-540x370.jpg\" alt=\"Der HR filmt Julia in ihrem B\u00fcro.\" width=\"540\" height=\"370\" class=\"size-medium wp-image-18238\" \/><\/a><figcaption id=\"caption-attachment-18238\" class=\"wp-caption-text\">Der HR filmt Julia in ihrem B\u00fcro.<\/figcaption><\/figure>\n<p>Die erste H\u00fcrde war das Team des HR durch die Sicherheitsschleuse zu bringen. Alles durch den Scanner und rein ins Parlament. Zun\u00e4chst galt es dann meinen Hausausweis zu besorgen und die Schl\u00fcssel f\u00fcr das B\u00fcro<br \/>\nentgegenzunehmen. Raum T05.129. F\u00fcnfter Stock also. Klare Sache: Fahrstuhl. Auch wegen unseren Begleiter*innen des Fernsehens.<\/p>\n<p>Fahrst\u00fchle gibt es wie Sand am Meer im EP. Dennoch: Es sind zu wenige. Besonders an diesem ersten Tag, wo unz\u00e4hlige Medienvertreter*innen im Parlament rumwuseln und auch viele Abgeordnete und ihre<br \/>\nMitarbeiter*innen viele Wege mehrfach laufen. So passiert folgendes: Man ruft sich den Fahrstuhl und wartet. Irgendwann macht es &#8222;Ping!&#8220; und zwei Lampen leuchten am Fahrstuhl der gerade \u00f6ffnet. Das Zeichen an alle sich<br \/>\nauf diesen Fahrstuhl zu st\u00fcrzen. Oft mehr als in den Fahrstuhl passen. Wir haben Gl\u00fcck und fahren in den f\u00fcnften Stock.<\/p>\n<p>Dies ist die Ebene der Gr\u00fcnen Fraktion im EP. Das B\u00fcro liegt in unmittelbarer N\u00e4he derer von Jan Philipp Albrecht, Terry Reintke und Ska (alle Gr\u00fcne). Zwischen dem von Klaus Buchner (\u00d6DP) und Monika Vana<br \/>\n(Gr\u00fcne \u00d6sterreich).<\/p>\n<p>Kurz im B\u00fcro die Sachen unterbringen, geht es auch schon in den Plenarsaal. Es ist die konstituierende Sitzung des EP. Heute werden die (Vize)Pr\u00e4sident*innen des EP gew\u00e4hlt. Julia kann nur kurz auf ihrem Sitz<br \/>\n(Sitz 138) Platz nehmen. Sie hat heute &#8222;Pech&#8220;. Sie wird, per Los, als Wahlpr\u00fcferin bestimmt. Gratulation! Allerdings: Geplant war das nicht und wirft unseren Zeitplan v\u00f6llig durcheinander.<\/p>\n<p>Eine Besucher*innengruppe hat sich n\u00e4mlich bereits angek\u00fcndigt. Student*innen der Uni Mainz. Dort hat auch Julia studiert. Sie wollen ihre MdEP kennenlernen. Meine Aufgabe: Sie finden. Auf der v\u00f6llig \u00fcberladenen<br \/>\nBesucher*innentrib\u00fcne (Presse, Mitarbeiter*innen, Besucher*innen,\u2026) kaum m\u00f6glich. Handynummer haben wir keine und w\u00e4hrend ich mit der Uni Mainz telefoniere, stelle ich fest: Diese Gruppe da, die sprechen deutsch.<br \/>\nFrag sie einfach mal, ob sie in Mainz studieren. Sie tun es. Erste Aufgabe gel\u00f6st.<\/p>\n<figure id=\"attachment_18239\" aria-describedby=\"caption-attachment-18239\" style=\"width: 540px\" class=\"wp-caption aligncenter\"><a href=\"http:\/\/norbert-hense.de\/wp-content\/uploads\/2014\/08\/20140701_122144.jpg\"><img loading=\"lazy\" decoding=\"async\" src=\"http:\/\/norbert-hense.de\/wp-content\/uploads\/2014\/08\/20140701_122144-540x370.jpg\" alt=\"Julia empf\u00e4ngt ihre Besucher*innengruppe vor dem Plenarsaal.\" width=\"540\" height=\"370\" class=\"size-medium wp-image-18239\" \/><\/a><figcaption id=\"caption-attachment-18239\" class=\"wp-caption-text\">Julia empf\u00e4ngt ihre Besucher*innengruppe vor dem Plenarsaal.<\/figcaption><\/figure>\n<p>Zun\u00e4chst begleite ich die Gruppe zum beliebtesten Foto-Motiv: Den Fahnentreppchen. Dort gibt es ein Shooting mit Birgit Collin-Langen (CDU), die aus Rheinland-Pfalz stammt. W\u00e4hrenddessen hetze ich umher und<br \/>\ntelefoniere und Simse. Kann Julia nicht? Wird Terry die Gruppe \u00fcbernehmen? Am Ende hat dann doch Julia Zeit und beantwortet die Fragen vor dem Plenarsaal. Umgebungslautst\u00e4rke ist hoch, denn hier haben sich<br \/>\nzig Fernsehstudios aufgebaut.<\/p>\n<p>Nach dem Termin geht es zur\u00fcck ins B\u00fcro. Dieses gilt es besser zu entdecken. Auf dem Flur treffe ich auf Marine Le Pen (FN) und Nigel Farage (Ukip). Womit habe ich das verdient? Beide verfolgt von einem riesigen Pressewurm. Warum schenkt man diesen beiden so viel Aufmerksamkeit? Die Rechten sind \u00fcbrigens das Schlimmste im EP. Sie begegnen einem st\u00e4ndig. Auf den Fluren, im Fahrstuhl, an der Kantine, bei der IT. Es sind viele und sie sind \u00fcberall und ich bin leider nicht in der Position ihnen bei jeder Begegnung zu sagen, wie schei\u00dfe ich sie finde.<\/p>\n<p>Im B\u00fcro angekommen genie\u00dfe ich erstmal die Aussicht auf das M\u00fcnster. Au\u00dferdem hat das B\u00fcro ein Bett und eine Dusche zu bieten. \u00dcbernachten wird aber wohl nicht gerne vom Sicherheitsdienst gesehen.<\/p>\n<p>Im B\u00fcro entdecke ich au\u00dferdem ein Pr\u00e4sent der Stadt Stra\u00dfburg. Etwas Wurst, ein paar Kekse und els\u00e4ssischen Wein. Feine Dinge, garniert mit einer Sonnenblume. Immerhin: Diese passt ja zur Gr\u00fcnen Fraktion.<br \/>\nBeiliegend gibt es ein Buch (Heft w\u00e4re Untertreibung) mit Argumenten f\u00fcr den Standort Stra\u00dfburg. So sieht subtiles Lobbying aus. Selbstverst\u00e4ndlich begr\u00fc\u00dft Stra\u00dfburg nur die MdEP in ihrer Stadt. Klar!<\/p>\n<p>Im weiteren Verlauf des Tages gilt es sich WLan zu besorgen. Kein leichtes Unterfangen. Ich stehe also bei der IT in der Schlange und bedaure, dass ich nicht selbst MdEP bin. Die haben n\u00e4mlich eine Fast-Lane. Wir Mitarbeiter*innen stehen bis in den Flur.<\/p>\n<p>Am Nachmittag geht es in die Gr\u00fcne Fraktionssitzung. W\u00e4hrend die MdEP die ersten politischen Inhalte austauschen, gucken wir Mitarbeiter*innen auf dem Laptop Fu\u00dfball. Cool: Man wird von Parlamentsmitarbeiter*innen<br \/>\nmit Tee und Kaffee versorgt. So l\u00e4sst es sich leben.<\/p>\n<figure id=\"attachment_18241\" aria-describedby=\"caption-attachment-18241\" style=\"width: 540px\" class=\"wp-caption aligncenter\"><a href=\"http:\/\/norbert-hense.de\/wp-content\/uploads\/2014\/08\/1404234773094.jpg\"><img loading=\"lazy\" decoding=\"async\" src=\"http:\/\/norbert-hense.de\/wp-content\/uploads\/2014\/08\/1404234773094-540x370.jpg\" alt=\"Fraktionssitzung. Vorne sitzen die MdEP. Hinten wir Mitarbeiter*innen.\" width=\"540\" height=\"370\" class=\"size-medium wp-image-18241\" \/><\/a><figcaption id=\"caption-attachment-18241\" class=\"wp-caption-text\">Fraktionssitzung. Vorne sitzen die MdEP. Hinten wir Mitarbeiter*innen.<\/figcaption><\/figure>\n<p>Abends geht es gemeinsam Essen in Stra\u00dfburg.<\/p>\n<p>Am Tag drauf trifft man sich morgens wieder im B\u00fcro. Ich klappere einige Medienvertreter*innen ab. &#8222;Hense, B\u00fcro der Europaabgeordneten Reda, guten Tag!&#8220; ist der Satz den ich zur Begr\u00fc\u00dfung in den H\u00f6rer tr\u00e4llere.<br \/>\nIch erkundige mich nach Korrespondent*innen in Br\u00fcssel oder Stra\u00dfburg und nach Redakteur*innen, die sich mit Europapolitik befassen und erstelle so nach und nach einen Presseverteiler.<\/p>\n<p>W\u00e4hrenddessen f\u00fchrt Julia ein <a href=\"http:\/\/www.badische-zeitung.de\/ausland-1\/von-schraegen-voegeln-und-demokraten\u201387048573.html\">Interview mit der Badischen Zeitung<\/a>. Sp\u00e4ter kommt ein Fotograf der dpa und f\u00fcllt das Bildmaterial der Agentur mit Motiven von Julia auf. Mein Presseverteiler nimmt derweil Formen an.<\/p>\n<p>Abends geht es mit den Gr\u00fcnen MdEP JPA, Ska und Terry sowie Martin Sonnenborn und den ganzen Mitarbeiter*innen Flammkuchen essen. Eine ernste Angelegenheit. Es soll ein Wettessen werden. Ich schlage mich gut, f\u00fcr den Sieg reicht es aber nicht.<\/p>\n<p>Die weiteren Tage sind gef\u00fcllt von Telefonaten deutscher Medien. In der Zwischenzeit kommen auch schon die erste Lobbyisten ins B\u00fcro und wollen mit Julia reden. Auch andere Abgeordnete kommen vorbei und wollen sich<br \/>\naustauschen. Es ist ein gro\u00dfes Kennenlernen. Julia nimmt mich dankenswerterweise so oft wie m\u00f6glich mit, damit ich sehen kann, wie die Arbeit einer Abgeordneten aussieht.<\/p>\n<p>In der n\u00e4chsten Plenarwoche erhalte ich Verst\u00e4rkung. Christopher Clay startet seinen Job als Pressesprecher von Julia. Gemeinsam arbeiten wir an der Webseite. So basteln wir gemeinsam an einem Pressespiegel und \u00fcberlegen, welche (Fach)Medien sich noch f\u00fcr Meldungen von Julia interessieren k\u00f6nnten.<\/p>\n<p>Er kann auch Arbeiten \u00fcbernehmen, die ich bisher machte und ich nutzte die Zeit ein paar Fotos von Julia im Parlament zu machen. Bilder f\u00fcr die Pressearbeit und Webseite kann man schlie\u00dflich immer gebrauchen.<\/p>\n<p>Manchmal muss man auch bei Julia &#8222;typische Praktikumsaufgaben&#8220; machen. Sie sitzt im Plenum und hat ihren Laptop vergessen. Ich bringe ihn ihr, aber sie hat wohl meine Nachricht nicht gelesen, dass ich vor dem Plenarsaal stehe und warte (in den Plenarsaal d\u00fcrfen Mitarbeiter*innen nicht rein).<\/p>\n<p>Doch ich sehe in der N\u00e4he des Plenarsaales das Schild &#8222;Message to your MEP&#8220;. Mein erste Gedanke: Ich schicke den Saaldienst zu ihr und die sollen sie raus schicken. Die Mitarbeiterin des Saaldienstes bietet sich aber selbst an den Laptop zu \u00fcberbringen. Ich schreibe Julia, dass ich den Saaldienst genutzt habe und erhalte kurz darauf von Julia die Meldung, dass der Laptop ankam.<\/p>\n<p>Ich habe das Europaparlament offensichtlich durchgespielt. Ein spannender Monat ist vorbei. Mein Praktikum endet.<\/p>\n","protected":false},"excerpt":{"rendered":"<p>1. Juli. Erster Tag als Praktikant bei Julia. Wir treffen uns morgens um 8:30 im&#8230;<\/p>\n","protected":false},"author":-1,"featured_media":0,"comment_status":"open","ping_status":"open","sticky":false,"template":"","format":"standard","meta":{"footnotes":""},"categories":[1],"tags":[],"class_list":["post-18237","post","type-post","status-publish","format-standard","hentry","category-allgemein"],"_links":{"self":[{"href":"https:\/\/norbert-hense.de\/index.php?rest_route=\/wp\/v2\/posts\/18237","targetHints":{"allow":["GET"]}}],"collection":[{"href":"https:\/\/norbert-hense.de\/index.php?rest_route=\/wp\/v2\/posts"}],"about":[{"href":"https:\/\/norbert-hense.de\/index.php?rest_route=\/wp\/v2\/types\/post"}],"author":[{"embeddable":true,"href":"https:\/\/norbert-hense.de\/index.php?rest_route=\/wp\/v2\/users\/1"}],"replies":[{"embeddable":true,"href":"https:\/\/norbert-hense.de\/index.php?rest_route=%2Fwp%2Fv2%2Fcomments&post=18237"}],"version-history":[{"count":6,"href":"https:\/\/norbert-hense.de\/index.php?rest_route=\/wp\/v2\/posts\/18237\/revisions"}],"predecessor-version":[{"id":18248,"href":"https:\/\/norbert-hense.de\/index.php?rest_route=\/wp\/v2\/posts\/18237\/revisions\/18248"}],"wp:attachment":[{"href":"https:\/\/norbert-hense.de\/index.php?rest_route=%2Fwp%2Fv2%2Fmedia&parent=18237"}],"wp:term":[{"taxonomy":"category","embeddable":true,"href":"https:\/\/norbert-hense.de\/index.php?rest_route=%2Fwp%2Fv2%2Fcategories&post=18237"},{"taxonomy":"post_tag","embeddable":true,"href":"https:\/\/norbert-hense.de\/index.php?rest_route=%2Fwp%2Fv2%2Ftags&post=18237"}],"curies":[{"name":"wp","href":"https:\/\/api.w.org\/{rel}","templated":true}]}}