{"id":2253,"date":"2013-10-02T18:33:21","date_gmt":"2013-10-02T16:33:21","guid":{"rendered":"http:\/\/norbert-hense.de\/?p=2253"},"modified":"2015-09-30T14:54:42","modified_gmt":"2015-09-30T12:54:42","slug":"jaime-leurope","status":"publish","type":"post","link":"https:\/\/norbert-hense.de\/?p=2253","title":{"rendered":"J&#8217;aime l&#8217;Europe!"},"content":{"rendered":"<p>Ich habe es gestern ja getwittert: <a href=\"https:\/\/twitter.com\/norberthense\/status\/385156949178081280\">&#8222;Ich werde keinen bzw. kaum Wahlkampf zur EUW machen, wenn wir Wahlkampf mit \u00dcberwachung etc. machen. Warum? Dazu blogge ich morgen :)&#8220;<\/a><\/p>\n<p>Was meine ich damit? Warum will ich zur EU-Wahl keinen Kernthemenwahlkampf machen? Die EU bietet sich doch prima daf\u00fcr an!<br \/>\nZum Einen liegt es daran, dass wir zur EU-Wahl offensichtlich keine neue Kampagne planen. Wir sollen die BTW-Plakate wieder aufh\u00e4ngen, mit der wir schon an den Problemen der Menschen vorbei und sie thematisch erschlagen haben.<\/p>\n<p>Thematisch vorbei, weil wir in einem Wahlkampf, bei dem es vorwiegend um Arbeits- und Sozialpolitik ging unsere L\u00f6sungen nicht vermittelt haben, obwohl wir eine hohe Glaubw\u00fcrdigkeit in dem Thema h\u00e4tten (Volker Pispers: &#8222;Fragen Sie mal einen Arbeitslosen, ob er Rot-Gr\u00fcn lieber als Schwarz-Gelb hat!&#8220;) Das kreide ich mir selbst auch an. \u00c4rgere mich auch \u00fcber mich, dass mir das selbst zu wenig gelang.<\/p>\n<p>Erschlagen haben wir die Leute dann noch durch eine Kampagne die 18(!!!) Plakate umfasste. Diese haben wir noch mit 4 Plakaten aus der Kampagne zur Bayern-Wahl und 50(!!!) weiteren Motiven erg\u00e4nzt. Wir hatten also zur Bundestagswahl insgesamt 72 verschiedene Motive! Viel zu viel!<\/p>\n<p>Zur EU-Wahl will ich das sicher nicht wiederholen.<\/p>\n<p>Aber warum keine Kernthemen? Mir geht es darum, von Europa eine positive Geschichte zu erz\u00e4hlen. \u00dcberwachung ist nicht positiv. \u00dcberwachung ist schei\u00dfe.<\/p>\n<p>Als jemand, der aus einer deutsch-franz\u00f6sischen Grenzstadt kommt ist Europa f\u00fcr mich aber mehr als Gurkenkr\u00fcmmung und \u00dcberwachung. Das mag euch anders gehen, aber die Negativseiten entsprechen nicht meiner Lebensrealit\u00e4t und der Lebensrealit\u00e4t von 300.000 Ortenauern.<\/p>\n<p>Wir arbeiten \u00fcber die Grenze hinweg zusammen. Eine kleine Auswahl nur aus dem kleinen Kehl: Deutsch-franz\u00f6sisches L\u00f6schboot, Deutsch-franz\u00f6sische Arbeitsvermittlung, Deutsch-franz\u00f6sisches Verbraucherschutzzentrum, Deutsch-franz\u00f6sische Kinderg\u00e4rten,&#8230;<\/p>\n<p>Dort wo ich wohne standen vor gerademal 70 Jahren Panzerhaubitzen. Man hat den &#8222;Erbfeind&#8220; beschossen und im Zentrum der Ortenau, in Offenburg, die badischen Juden deportiert. Nur durch die Europ\u00e4ische Einigung konnten wir dauerhaften Frieden schaffen. Diese tollen Seiten von Europa (wie oben angeklungen) will ich vermitteln. Ich will Menschen f\u00fcr Europa begeistern! Ihr k\u00f6nnt gerne eine Negativ-Story erz\u00e4hlen, aber an dieser Geschichtsschreibung werde ich mich nicht beteiligen. J&#8217;aime l&#8217;Europe! Non, pas &#8222;j&#8217;aime&#8220;, j&#8217;adore!<\/p>\n<p>Deshalb brauchen wir ja auch eine neue Kampagne, die genau diese Werte, dieses Lebensgef\u00fchl, transportiert und\/oder eine Kampagne, die auf eine*n Spitzenkandidat*in zugeschnitten ist, der*die das verk\u00f6rpert.<\/p>\n<p>&#8222;Europa updaten!&#8220;, wie wir es schon zur Bundestagswahl auf einem Flyer hatten, halte ich als zentrale Botschaft f\u00fcr gar nicht falsch, um unsere berechtigte Kritik (z.B. fehlendes Initiativrecht des Parlamentes) an Europa zu transportieren. Ein solches Plakat k\u00f6nnte man mit der*dem Spitzenkandidat*in besetzen. Das macht auch Sinn. Viele Sitze sind bei der F\u00fclle an Konkurrenz (bei 3%-H\u00fcrde oder evtl. gar keiner H\u00fcrde) nicht drin. Umso wichtiger unser MdEP der breiten Masse bekannt zu machen.<\/p>\n<p>Erg\u00e4nzen w\u00fcrde ich das Personen-Motiv mit einem Sprachen-Motiv. Da alle 28 Sprachen der EU nicht auf ein Plakat passen (zumindest nicht lesbar) w\u00fcrde ich mich auf die Sprachen unserer direkten Nachbarl\u00e4nder konzentrieren: D\u00e4nisch (&#8222;Vi elsker Europa!&#8220;), Polnisch (&#8222;Kochamy Europ\u0119!&#8220;), Tschechisch (&#8222;Milujeme Evropu!&#8220;), Niederl\u00e4ndisch (&#8222;Wij houden van Europa!&#8220;) und Franz\u00f6sisch (&#8222;Nous aimons l&#8217;Europe!&#8220;. Vielleicht noch Englisch (&#8222;We love Europe!&#8220;), damit es wirklich jeder kapiert \ud83d\ude09<\/p>\n<p>Damit grenzen wir uns auch klar von allen rechten Parteien (NPD, AfD,&#8230;), die Europa hassen ab.<\/p>\n<p>2 Plakatmotive entsprechen auch unserem Kostenrahmen. Wir k\u00f6nnen problemlos mit 2 Plakatmotiven und einem zentralen Flyer arbeiten. Das reicht aus, mehr ist finanziell nicht drin. Da Wahlk\u00e4mpfe zur EU-Wahl leider sehr langweilig und einfach gestrickt sind, ist es umso wichtiger zentrale Botschaften mit Masse unters Volk zu bekommen. Da ist ein Flyer mehr als ausreichend.<\/p>\n","protected":false},"excerpt":{"rendered":"<p>Ich habe es gestern ja getwittert: &#8222;Ich werde keinen bzw. kaum Wahlkampf zur EUW machen,&#8230;<\/p>\n","protected":false},"author":-1,"featured_media":0,"comment_status":"open","ping_status":"open","sticky":false,"template":"","format":"standard","meta":{"footnotes":""},"categories":[1],"tags":[],"class_list":["post-2253","post","type-post","status-publish","format-standard","hentry","category-allgemein"],"_links":{"self":[{"href":"https:\/\/norbert-hense.de\/index.php?rest_route=\/wp\/v2\/posts\/2253","targetHints":{"allow":["GET"]}}],"collection":[{"href":"https:\/\/norbert-hense.de\/index.php?rest_route=\/wp\/v2\/posts"}],"about":[{"href":"https:\/\/norbert-hense.de\/index.php?rest_route=\/wp\/v2\/types\/post"}],"author":[{"embeddable":true,"href":"https:\/\/norbert-hense.de\/index.php?rest_route=\/wp\/v2\/users\/1"}],"replies":[{"embeddable":true,"href":"https:\/\/norbert-hense.de\/index.php?rest_route=%2Fwp%2Fv2%2Fcomments&post=2253"}],"version-history":[{"count":2,"href":"https:\/\/norbert-hense.de\/index.php?rest_route=\/wp\/v2\/posts\/2253\/revisions"}],"predecessor-version":[{"id":2344,"href":"https:\/\/norbert-hense.de\/index.php?rest_route=\/wp\/v2\/posts\/2253\/revisions\/2344"}],"wp:attachment":[{"href":"https:\/\/norbert-hense.de\/index.php?rest_route=%2Fwp%2Fv2%2Fmedia&parent=2253"}],"wp:term":[{"taxonomy":"category","embeddable":true,"href":"https:\/\/norbert-hense.de\/index.php?rest_route=%2Fwp%2Fv2%2Fcategories&post=2253"},{"taxonomy":"post_tag","embeddable":true,"href":"https:\/\/norbert-hense.de\/index.php?rest_route=%2Fwp%2Fv2%2Ftags&post=2253"}],"curies":[{"name":"wp","href":"https:\/\/api.w.org\/{rel}","templated":true}]}}