{"id":29885,"date":"2015-03-27T16:59:14","date_gmt":"2015-03-27T15:59:14","guid":{"rendered":"http:\/\/norbert-hense.de\/?p=29885"},"modified":"2015-09-30T14:37:54","modified_gmt":"2015-09-30T12:37:54","slug":"rat-zu-den-jungen-junge-themen-in-den-rat","status":"publish","type":"post","link":"https:\/\/norbert-hense.de\/?p=29885","title":{"rendered":"Rat zu den Jungen! Junge Themen in den Rat!"},"content":{"rendered":"<p>Wolfgang Maelger trifft mit seiner Anekdote der \u201eWarum kommen die ganzen Opas zu uns?\u201c-fragenden Kinder bei einem Termin des Gemeinderats in einem Kindergarten einen wichtigen Punkt: Unsere kommunalen Gremien sind restlos \u00fcberaltert. Das Problem betrifft nicht nur Kehl, sondern alle Gemeinden der Ortenau sowie den Kreistag. Guckt man sich die R\u00e4te an, findet man folgendes Bild vor: Konservative, alte M\u00e4nner steuern die Geschicke im gesamten Landkreis. Dass das f\u00fcr junge Menschen &#8211; vor allem junge Frauen &#8211; kein attraktives Terrain ist, ist meines Erachtens einleuchtend.<\/p>\n<p>Eine Begrenzung der Amtszeit, wie von der Kehler Zeitung auf ihrer <a href=\"https:\/\/www.facebook.com\/kehler.zeitung\/photos\/a.1479582802314152.1073741828.1479497892322643\/1558755427730222\/?type=1\">Facebook-Seite<\/a> vorgeschlagen, halte ich f\u00fcr wenig zielf\u00fchrend. Ich will als W\u00e4hler (und gerade bei einem Personenwahlrecht, wie es bei der Kommunalwahl existiert kann ich es auch) gute Stadtr\u00e4te auch wieder w\u00e4hlen k\u00f6nnen &#8211; auch \u00fcber ein oder zwei Legislaturperioden hinaus. Auch glaube ich nicht, dass das eine Begrenzung etwas hilft. Was sind denn die Gr\u00fcnde, dass junge Menschen sich kommunalpolitisch kaum engagieren?<\/p>\n<p>Zum Einen gehen viele nach dem Abitur zum Studieren weiter weg. Bleiben sie hier wird es ihnen doch schwer gemacht. Die einen k\u00e4mpfen sich von Praktikum zu Praktikum, die anderen hangeln sich vom einen befristeten Arbeitsvertrag zum anderen. Wie soll man da \u00fcber mehrere Jahre planen oder gar eine Familie gr\u00fcnden?<\/p>\n<p>Auch wird die Arbeit in politischen Gremien, befeuert durch die oft nicht vorhandene Medienkompetenz der R\u00e4te, nicht ansatzweise aufgepeppt. Das k\u00f6nnte man vielleicht durch kleine Spielereien schonmal interessanter gestalten. Anstatt den Haushalt in einem zigtausend Seiten langem Papierdokument zu pr\u00e4sentieren k\u00f6nnte sich die Verwaltung mal die M\u00fche machen und ihn, \u00e4hnlich wie auf <a href=\"http:\/\/offenerhaushalt.de\/\">www.offenerhaushalt.de<\/a>, ansehnlich und verst\u00e4ndlich im Netz pr\u00e4sentieren. Dann wissen die (jungen) Kehler auch wof\u00fcr wieviel Geld ausgeben wird und bekommen ein Gesp\u00fcr f\u00fcr die Finanzen ihrer Stadt.<\/p>\n<p>Auch k\u00f6nnte man die R\u00e4te ins Netz bringen, da sind n\u00e4mlich wir jungen Leute. Die Plattform <a href=\"http:\/\/www.abgeordnetenwatch.de\/kommunen-933-0.html\">www.abgeordnetenwatch.de<\/a> w\u00e4re eine M\u00f6glichkeit. Viele St\u00e4dte sind schon vertreten und bieten einen Weg die R\u00e4te \u00f6ffentlich zu den Themen ihrer Stadt zu befragen. F\u00fcr den Kreistag hatte ich das in der Vergangenheit mal vorgeschlagen. Die Kehler Zeitung berichtete auch dar\u00fcber. Leider wurde es aus \u201eDatenschutzgr\u00fcnden\u201c abgelehnt. So kann man sich nat\u00fcrlich auch der Zukunft verwehren\u2026 Kehl k\u00f6nnte hier also Vorreiter in der Ortenau werden und zeigen, wie es besser geht, w\u00e4hrend andere Gemeinden nichtmal Mailadressen ihrer R\u00e4te ver\u00f6ffentlichen.<br \/>\nDann k\u00f6nnte die Stadt die Sitzungen ins Netz streamen und nach der Sitzung abrufbar in einer Mediathek darstellen. Ein B\u00fcrgerhaushalt w\u00e4re eine weitere Partizipationsm\u00f6glichkeit. Das sind alles nur kleine Bausteine, aber vielleicht wichtige Bausteine, um den Gemeinderat und seine Arbeit auf einem unkomplizierten Weg zu den jungen Menschen unserer Stadt zu bringen.<\/p>\n<p>Aber es fehlen Visionen f\u00fcr die Stadt. Die Tram war so eine, aber sonst f\u00e4hrt der Gemeinderat leider sehr auf Sicht. Ich wette: Wenn ich die Stadtr\u00e4te frage, wo sie Kehl in 25 oder 50 Jahren sehen, dann wissen die meisten doch sicher keine Antwort. Hier k\u00f6nnte ein Antrags- und Rederecht f\u00fcr den Jugendgemeinderat eine Option sein. So k\u00f6nnen sich junge Menschen in Kehl besser Geh\u00f6r verschaffen und konkret Projekte dem Rat pr\u00e4sentieren und neue Blickwinkel einbringen.<\/p>\n<p>Ich w\u00fcnsche mir, dass Kehl diese Dinge umsetzt und mal mutig voran geht. Gerade Toni Vetrano h\u00e4tte als neuer OB hier die M\u00f6glichkeit Ma\u00dfst\u00e4be zu setzen und Schwung reinzubringen. Ich w\u00fcrde mir es w\u00fcnschen, wenn er diese Chance am Schopfe packt.<\/p>\n","protected":false},"excerpt":{"rendered":"<p>Wolfgang Maelger trifft mit seiner Anekdote der \u201eWarum kommen die ganzen Opas zu uns?\u201c-fragenden Kinder&#8230;<\/p>\n","protected":false},"author":-1,"featured_media":0,"comment_status":"open","ping_status":"open","sticky":false,"template":"","format":"standard","meta":{"footnotes":""},"categories":[6],"tags":[],"class_list":["post-29885","post","type-post","status-publish","format-standard","hentry","category-kommunalpolitik"],"_links":{"self":[{"href":"https:\/\/norbert-hense.de\/index.php?rest_route=\/wp\/v2\/posts\/29885","targetHints":{"allow":["GET"]}}],"collection":[{"href":"https:\/\/norbert-hense.de\/index.php?rest_route=\/wp\/v2\/posts"}],"about":[{"href":"https:\/\/norbert-hense.de\/index.php?rest_route=\/wp\/v2\/types\/post"}],"author":[{"embeddable":true,"href":"https:\/\/norbert-hense.de\/index.php?rest_route=\/wp\/v2\/users\/1"}],"replies":[{"embeddable":true,"href":"https:\/\/norbert-hense.de\/index.php?rest_route=%2Fwp%2Fv2%2Fcomments&post=29885"}],"version-history":[{"count":1,"href":"https:\/\/norbert-hense.de\/index.php?rest_route=\/wp\/v2\/posts\/29885\/revisions"}],"predecessor-version":[{"id":29886,"href":"https:\/\/norbert-hense.de\/index.php?rest_route=\/wp\/v2\/posts\/29885\/revisions\/29886"}],"wp:attachment":[{"href":"https:\/\/norbert-hense.de\/index.php?rest_route=%2Fwp%2Fv2%2Fmedia&parent=29885"}],"wp:term":[{"taxonomy":"category","embeddable":true,"href":"https:\/\/norbert-hense.de\/index.php?rest_route=%2Fwp%2Fv2%2Fcategories&post=29885"},{"taxonomy":"post_tag","embeddable":true,"href":"https:\/\/norbert-hense.de\/index.php?rest_route=%2Fwp%2Fv2%2Ftags&post=29885"}],"curies":[{"name":"wp","href":"https:\/\/api.w.org\/{rel}","templated":true}]}}