{"id":363,"date":"2012-07-27T12:09:14","date_gmt":"2012-07-27T11:09:14","guid":{"rendered":"http:\/\/www.norbert-hense.de\/blog\/?p=363"},"modified":"2012-07-27T12:09:14","modified_gmt":"2012-07-27T11:09:14","slug":"volkspartei-die","status":"publish","type":"post","link":"https:\/\/norbert-hense.de\/?p=363","title":{"rendered":"Volkspartei, die"},"content":{"rendered":"<p>Seit einigen Monaten liest man verst\u00e4rkt, dass die Piratenpartei eine Volkspartei w\u00e4re. Auch viele Piratenmitglieder sagen, wir seien &#8222;die neue Volkspartei&#8220;. Es stellt sich nun also die Frage: Ist das so? Sind die Piraten tats\u00e4chlich eine Volkspartei?<\/p>\n<p>Das bringt uns zu der Frage: Was ist eigentlich eine Volkspartei? Der Duden sagt eine Volkspartei ist eine &#8222;Partei, die Mitglieder und vor allem W\u00e4hler in allen Gruppen der Bev\u00f6lkerung hat (und \u00fcber eine gro\u00dfe Anh\u00e4ngerschaft verf\u00fcgt)&#8220;. Trifft das auf die Piraten zu? Ich sage nein. Mit 30.000 Mitgliedern, von denen nur die H\u00e4lfte ihren Mitgliedsbeitrag zahlt, und Wahlergebnissen von 7-8% verf\u00fcgen wir \u00fcber eine sehr gute Anh\u00e4ngerschaft, die wir uns vor einem Jahr nicht haben tr\u00e4umen lassen, aber nicht \u00fcber eine gro\u00dfe, wie ich es von einer Volkspartei erwarte.<\/p>\n<p>Erreichen wir also W\u00e4hler in allen Gruppen der Bev\u00f6lkerung? Klar, wir erreichen viele Menschen. Viele davon aber auch Protestw\u00e4hler. Diese kommen zwar tats\u00e4chlich aus allen gesellschaftlichen Schichten, werden aber weniger, je mehr wir programmatisches Profil gewinnen. Protestw\u00e4hler mit konservativem Weltbild erreichen wir nicht mehr, weil deutlich wird, dass wir dort im politischen System Deutschlands nicht anzusiedeln sind.<\/p>\n<p>Meines Erachtens sind wir also keine Volkspartei. Wollen wir aber eine sein? Ich hoffe nicht! Daf\u00fcr ziehe ich mal eine anderen Definition heran &#8211; Wikipedia: &#8222;Als Volkspartei bezeichnet man in Deutschland eine Partei, die f\u00fcr W\u00e4hler und Mitglieder aller gesellschaftlicher Schichten und unterschiedlicher Weltanschauungen im Prinzip offen ist.&#8220; Wichtig ist hier das &#8222;im Prinzip offen ist&#8220;. Wir haben fr\u00fcher sehr oft gesagt, wir seien wir alle offen. Das war meines Erachtens einer der gr\u00f6\u00dften Fehler. Wir haben seit einiger Zeit die &#8222;Fr\u00fcchte&#8220; dieser S\u00e4tze: Rassisten, Sexisten, Homphobe, Verschw\u00f6rungstheoretiker und andere Menschen mit mal mehr mal weniger kruden Ansichten. Wir sind ja f\u00fcr alle offen. Wir stellen fest: Wir sind es nicht! Wir haben inzwischen einen gro\u00dfen Konsens in der Partei, dass wir solche Menschen eben nicht wollen. Jetzt k\u00e4mpfen wir darum, wie wir sie wieder loswerden, weil sie uns enorm schaden. Auch unserer Glaubw\u00fcrdigkeit. Auch hier zeigt sich: Wir wollen eigentlich auch keine Volkspartei sein!<\/p>\n<p>Auch haben Volksparteien das Ziel es allen Recht machen zu wollen. Sie wollen ja 40%+X (in manchen Bundesl\u00e4ndern sogar 50%+X ;)). Es allen Recht machen zu wollen, sorgt daf\u00fcr, dass man austauschbar wird. Und jetzt guckt mal nach Berlin. Was sehen wir dort? Eine Regierung ohne Plan und ohne Ziel mit einer Regierungschefin, die ihre Meinung st\u00fcndlich \u00e4ndert. Wollen wir das in 20 Jahren sein?<\/p>\n<p>Deshalb die Bitte an alle Piraten: H\u00f6rt auf zu sagen wir seien die einzig wahre oder neue oder \u00fcberhaupt eine Volkspartei! Wir wollten es, wenn wir ehrlich sind, nicht sein!<\/p>\n","protected":false},"excerpt":{"rendered":"<p>Seit einigen Monaten liest man verst\u00e4rkt, dass die Piratenpartei eine Volkspartei w\u00e4re. Auch viele Piratenmitglieder&#8230;<\/p>\n","protected":false},"author":-1,"featured_media":0,"comment_status":"open","ping_status":"open","sticky":false,"template":"","format":"standard","meta":{"footnotes":""},"categories":[1],"tags":[113],"class_list":["post-363","post","type-post","status-publish","format-standard","hentry","category-allgemein","tag-volkspartei"],"_links":{"self":[{"href":"https:\/\/norbert-hense.de\/index.php?rest_route=\/wp\/v2\/posts\/363","targetHints":{"allow":["GET"]}}],"collection":[{"href":"https:\/\/norbert-hense.de\/index.php?rest_route=\/wp\/v2\/posts"}],"about":[{"href":"https:\/\/norbert-hense.de\/index.php?rest_route=\/wp\/v2\/types\/post"}],"author":[{"embeddable":true,"href":"https:\/\/norbert-hense.de\/index.php?rest_route=\/wp\/v2\/users\/1"}],"replies":[{"embeddable":true,"href":"https:\/\/norbert-hense.de\/index.php?rest_route=%2Fwp%2Fv2%2Fcomments&post=363"}],"version-history":[{"count":0,"href":"https:\/\/norbert-hense.de\/index.php?rest_route=\/wp\/v2\/posts\/363\/revisions"}],"wp:attachment":[{"href":"https:\/\/norbert-hense.de\/index.php?rest_route=%2Fwp%2Fv2%2Fmedia&parent=363"}],"wp:term":[{"taxonomy":"category","embeddable":true,"href":"https:\/\/norbert-hense.de\/index.php?rest_route=%2Fwp%2Fv2%2Fcategories&post=363"},{"taxonomy":"post_tag","embeddable":true,"href":"https:\/\/norbert-hense.de\/index.php?rest_route=%2Fwp%2Fv2%2Ftags&post=363"}],"curies":[{"name":"wp","href":"https:\/\/api.w.org\/{rel}","templated":true}]}}