{"id":42250,"date":"2016-02-02T15:30:19","date_gmt":"2016-02-02T14:30:19","guid":{"rendered":"http:\/\/norbert-hense.de\/?p=42250"},"modified":"2016-02-02T15:30:19","modified_gmt":"2016-02-02T14:30:19","slug":"warum-ich-mit-der-afd-auf-podien-sitzen-werde","status":"publish","type":"post","link":"https:\/\/norbert-hense.de\/?p=42250","title":{"rendered":"Warum ich mit der AfD auf Podien sitzen werde"},"content":{"rendered":"<p>Meine Position zu Podiumsdiskussionen mit der AfD war lange Zeit klar: Man sollte nicht teilnehmen und diese Partei dadurch nicht aufwerten. Man sollte sie ignorieren und deutlich zeigen, dass sie keine normale weitere Partei ist, \u00fcber deren Themen man sich streiten k\u00f6nne, sondern, dass sie eine faschistische Partei ist, die gegen alles k\u00e4mpft, f\u00fcr das wir Gr\u00fcne stehen: Freiheit, Demokratie und Pluralit\u00e4t.<!--more--><\/p>\n<p>Ich war jedoch nicht immer konsequent, was Podienteilnahmen mit der AfD betraf. Als Bundesvorstandsmitglied der Jungen Piraten beteiligte ich mich mal bei einem Podium in Freiburg, bei dem die AfD auch einen Vertreter schickte. Wir hatten damals eine gro\u00dfe Diskussion, ob wir teilnehmen und entschieden uns nach z\u00e4hem Ringen doch daf\u00fcr, da wir die Chancen f\u00fcr uns als Verband auch gro\u00df sahen, uns zu pr\u00e4sentieren.<\/p>\n<p>Auch als Sprecher der GJ Ortenau war ich bereits in Offenburg mal bei einer Podiumsdiskussion zu der auch Taras Maygutiak, AfD-Stadtrat in Offenburg, geladen war. Auch hier gab es viel Diskussion vorher, ob wir uns als GJ beteiligen. Die Ortenauer Gruppe entschied sich daf\u00fcr.<\/p>\n<p>Dennoch wollte ich das zu Ausnahmen der Regeln machen, wenngleich das nicht immer leicht viel. Auch als Gr\u00fcne und vor allem Gr\u00fcne Jugend m\u00fcssen wir uns aktiv pr\u00e4sentieren, damit wir auch immer junge Leute in unsere Reihen haben, die nachr\u00fccken. Wenn wir, gerade bei Podien in Schulen, fehlen, verschwinden wir auch auf dem Radar junger Menschen.<\/p>\n<p>Inzwischen glaube ich, dass wir aber wirklich aktiv auf diese Podien m\u00fcssen. Die AfD bekommt weiter zulauf. Trotz ihres Programmes, trotz der \u00c4u\u00dferungen ihres Personals. Von Enttarnen kann dabei aber nur teilweise die Rede sein. Ich bef\u00fcrchte, dass viele Menschen die AfD gerade wegen deren \u00c4u\u00dferungen w\u00e4hlen, oder so viel Protestpotential aufgestaut haben, dass ihnen schrille T\u00f6ne herzlich egal sind. Dennoch m\u00fcssen wir Demokraten jetzt in die Abteilung &#8222;Attacke!&#8220; \u00fcbergehen und die AfD inhaltlich weiter angreifen und deutlich machen, dass die AfD keine Werte vertritt, f\u00fcr die es sich zu k\u00e4mpfen lohnt und keine Positionen hat, \u00fcber die wir dringend mal sprechen sollten.<\/p>\n<p>Wir sollten uns an Podien mit der AfD beteiligen, um deren verf\u00e4lschte Zahlen und Panikmache sowie Hetze zurechtzur\u00fccken und Paroli zu bieten und immer weiter zu zeigen, wie gef\u00e4hrlich diese Partei f\u00fcr den gesellschaftlichen Zusammenhalt ist. Abwarten wird die AfD leider nicht bek\u00e4mpfen. Das m\u00fcssen wir schon selbst tun.<\/p>\n<p>Zuletzt m\u00f6chte ich aber deutlich machen, dass ich jede Person gut verstehen kann, die mit einem AfD-Mitglied nicht gesehen werden m\u00f6chte und sich deshalb nicht an solche Veranstaltungen mit der AfD beteiligt.<\/p>\n","protected":false},"excerpt":{"rendered":"<p>Meine Position zu Podiumsdiskussionen mit der AfD war lange Zeit klar: Man sollte nicht teilnehmen&#8230;<\/p>\n","protected":false},"author":-1,"featured_media":0,"comment_status":"open","ping_status":"open","sticky":false,"template":"","format":"standard","meta":{"footnotes":""},"categories":[1],"tags":[],"class_list":["post-42250","post","type-post","status-publish","format-standard","hentry","category-allgemein"],"_links":{"self":[{"href":"https:\/\/norbert-hense.de\/index.php?rest_route=\/wp\/v2\/posts\/42250","targetHints":{"allow":["GET"]}}],"collection":[{"href":"https:\/\/norbert-hense.de\/index.php?rest_route=\/wp\/v2\/posts"}],"about":[{"href":"https:\/\/norbert-hense.de\/index.php?rest_route=\/wp\/v2\/types\/post"}],"author":[{"embeddable":true,"href":"https:\/\/norbert-hense.de\/index.php?rest_route=\/wp\/v2\/users\/1"}],"replies":[{"embeddable":true,"href":"https:\/\/norbert-hense.de\/index.php?rest_route=%2Fwp%2Fv2%2Fcomments&post=42250"}],"version-history":[{"count":1,"href":"https:\/\/norbert-hense.de\/index.php?rest_route=\/wp\/v2\/posts\/42250\/revisions"}],"predecessor-version":[{"id":42251,"href":"https:\/\/norbert-hense.de\/index.php?rest_route=\/wp\/v2\/posts\/42250\/revisions\/42251"}],"wp:attachment":[{"href":"https:\/\/norbert-hense.de\/index.php?rest_route=%2Fwp%2Fv2%2Fmedia&parent=42250"}],"wp:term":[{"taxonomy":"category","embeddable":true,"href":"https:\/\/norbert-hense.de\/index.php?rest_route=%2Fwp%2Fv2%2Fcategories&post=42250"},{"taxonomy":"post_tag","embeddable":true,"href":"https:\/\/norbert-hense.de\/index.php?rest_route=%2Fwp%2Fv2%2Ftags&post=42250"}],"curies":[{"name":"wp","href":"https:\/\/api.w.org\/{rel}","templated":true}]}}