{"id":42339,"date":"2017-03-06T10:55:28","date_gmt":"2017-03-06T09:55:28","guid":{"rendered":"http:\/\/norbert-hense.de\/?p=42339"},"modified":"2017-03-06T11:26:50","modified_gmt":"2017-03-06T10:26:50","slug":"saekulare-feiertage","status":"publish","type":"post","link":"https:\/\/norbert-hense.de\/?p=42339","title":{"rendered":"S\u00e4kulare Feiertage"},"content":{"rendered":"<p>Religion ist f\u00fcr viele Menschen ein wichtiger und sinnstiftender Bestandteil ihres Lebens und dies ist von allen Menschen zu akzeptieren. Ein Staat jedoch sollte, weil inzwischen auch mehr als nur eine Religion in den meisten Staaten vertreten ist, weltanschaulich neutral sein.<!--more--><\/p>\n<p>Daher sind f\u00fcr mich religi\u00f6se Feiertage ein Relikt aus der Vergangenheit. Deshalb bin ich auch nicht offen daf\u00fcr muslimische oder j\u00fcdische Feiertage einzuf\u00fchren. Davon abgesehen, dass diese durch eine andere Z\u00e4hlung im jeweiligen Kalender sehr unpraktisch durch das Jahr &#8222;wandern&#8220; und kein fixes Datum im gregorianischen Kalender h\u00e4tten. Diese religi\u00f6sen Festtage haben ihren Sinn, denn sie sind f\u00fcr die Religionsaus\u00fcbung essentiell, sollten aber nicht mehr durch den Gesetzgeber besonders gesch\u00fctzt werden. Daher strebe ich die Abschaffung religi\u00f6ser Feiertage an.<\/p>\n<p>Den Arbeitnehmer*innen k\u00f6nnte jedoch als Ausgleich ein h\u00f6herer gesetzlicher Mindesturlaub zugestanden werden. Dies erm\u00f6glicht es auch Anh\u00e4nger*innen anderer als der christlichen Religionsgemeinschaften den Feiertagen ihres jeweiligen Glaubens nachzugehen. Alle Gl\u00e4ubigen in Deutschland k\u00f6nnten so, mit ihrem Urlaub, die f\u00fcr sie wichtigen Tage feiern.<\/p>\n<p>Dennoch m\u00f6chte ich auch selbst Vorschl\u00e4ge f\u00fcr gesetzliche Feiertage unterbreiten. Die Geschichte unseres Landes hat hier einige bedeutende Tage zu bieten, die w\u00fcrdige gesetzliche Feiertage w\u00e4ren. Im \u00dcbrigen k\u00f6nnte man neue gesetzliche Feiertage auch mit einer Erh\u00f6hung des Mindesturlaubes kombinieren, wenn man wollte. So w\u00fcrde man dann sowohl s\u00e4mtliche Religionsgemeinschaften st\u00e4rken, weil ihre Anh\u00e4nger*innen entsprechende Urlaubstage zur Verf\u00fcgung haben, als auch s\u00e4kulare und erinnerungsw\u00fcrdige Feiertage in Deutschland schaffen.<\/p>\n<p><strong>22. Januar 1963 &#8211; Unterzeichnung \u00c9lys\u00e9e-Vertrag<\/strong><br \/>\nAm 22. Januar 1963 wurde der \u00c9lys\u00e9e-Vertrag zwischen Deutschland und Frankreich unterzeichnet. Ab dem 40. Jahrestag an wird der Deutsch-Franz\u00f6sische Tag gefeiert. Aus Erbfeinden, wurden Freunde und wichtige Partner Europas.<\/p>\n<p><strong>8. Mai 1945 &#8211; Tag der Befreiung vom Faschismus <\/strong><br \/>\nDieser Tag stellt ein sehr <a href=\"https:\/\/de.wikipedia.org\/wiki\/Tag_der_Befreiung\">bedeutendes Ereignis deutscher Geschichte<\/a> dar. Die Allierten haben Deutschland und Europa vom Faschismus der Nazis befreit und der Demokratie den Weg geebnet.<br \/>\nDas Land Brandenburg hat \u00fcbrigens bereits diesen Tag zum Gedenktag <a href=\"http:\/\/www.maz-online.de\/Brandenburg\/Brandenburg-hat-einen-neuen-Gedenktag\">erkl\u00e4rt<\/a>.<\/p>\n<p><strong>5. Mai 1964 und 9. Mai. 1950 &#8211; Europatag<\/strong><br \/>\nEs gibt zwei Europatage. Ersterer gedenkt der Gr\u00fcndung des Europarates und zweiterer dem Vorschlag zur Gr\u00fcndung der Europ\u00e4ischen Gemeinschaft f\u00fcr Kohle und Stahl. Beide Tage w\u00e4ren durchaus w\u00fcrdige Feiertage. Sollte man sich jedoch nur f\u00fcr einen Tag entscheiden, w\u00e4re der 9. Mai vorzuziehen, da dieser der <a href=\"https:\/\/de.wikipedia.org\/wiki\/Schuman-Plan\">Schuman-Erkl\u00e4rung<\/a> von 1950 gedenkt, welche die Europ\u00e4ische Union praktisch begr\u00fcndet hat. Gerade in diesen Zeiten w\u00e4re ein solcher Tag des Innehaltens notwendig, um sich zu besinnen, dass wir seit vielen Jahrzehnten in Frieden und Wohlstand leben.<\/p>\n<p><strong>23. Mai 1949 &#8211; Tag des Grundgesetzes<\/strong><br \/>\nAm 23. Mai 1949 wurde die Bundesrepublik Deutschland gegr\u00fcndet. Meines Erachtens ein guter Anlass f\u00fcr einen gesetzlichen Feiertag, der sehr verbreitet ist (die meisten Staaten dieser Welt haben ihren Gr\u00fcndungs-\/Unabh\u00e4ngigkeitstag zum Nationalfeiertag erkl\u00e4rt). Au\u00dferdem ist unser Grundgesetz eine sehr solide Verfassung, die bisher fast 70 Jahre lang ihrer Aufgabe sehr gut nachkommt. Und vielen w\u00fcrde eine Erinnerung an Artikel 1 &#8222;Die W\u00fcrde des Menschen ist unantastbar. Sie zu achten und zu sch\u00fctzen ist Verpflichtung aller staatlichen Gewalt&#8220; gut tun.<\/p>\n<p><strong>17. Juni 1953 &#8211; Aufstand des 17. Juni<\/strong><br \/>\n<a href=\"https:\/\/de.wikipedia.org\/wiki\/Aufstand_vom_17._Juni_1953\">Der 17. Juni 1953<\/a> pr\u00e4gte die fr\u00fche Geschichte der DDR. Der blutig niedergeschlagene Aufstand gegen den Stalinismus\/Sozialismus brannte sich auch tief in das Bewusstsein zahlreicher Menschen der Ostblockstaaten ein.<br \/>\nVon 1954 bis 1990 war er bereits Feiertag in der Bundesrepublik.<\/p>\n<p><strong>9. November 1938\/1989 &#8211; Reichspogromnacht\/Mauerfall<\/strong><br \/>\nDer 9. November ist mit zwei sehr wichtigen Daten deutscher Geschichte verkn\u00fcpft. Zum einen mit der Reichspogromnacht 1939, bei der zahlreiche Synagogen und andere Zeugnisse j\u00fcdischen Lebens zerst\u00f6rt wurden.<br \/>\nDer Tag ist aber zugleich auch freudiger Anlass, denn am 9. November 1989 fiel die Mauer in Berlin, die Wiedervereinigung war die Folge.<\/p>\n<p>Die bisherigen nicht-religi\u00f6sen Feiertage (1. Januar &#8211; Neujahr; 1. Mai &#8211; Tag der Arbeit; 3. Oktober &#8211; Tag der Deutschen Einheit; 25.\/26. Dezember &#8211; Weihnachten) w\u00fcrde ich beibehalten. Zugleich k\u00f6nnte man auch dar\u00fcber nachdenken, ob man den 31. Dezember (Silvester) zum Feiertag erkl\u00e4rt.<\/p>\n<p>Mit den vorgeschlagenen Tagen habe ich im \u00dcbrigen die Streichung von den sieben in Baden-W\u00fcrttemberg geltenden religi\u00f6sen Feiertagen ausgeglichen.<\/p>\n<p>Die Regelungen zu Feiertagen sind \u00fcbrigens L\u00e4ndersache und in jedem Bundesland verschieden. Wir in Baden-W\u00fcrttemberg k\u00f6nnten so beispielsweise auch der Volksabstimmung, die Baden und W\u00fcrttemberg zu einem Bundesland zusammenf\u00fchrte, vom 9. Dezember 1951 gedenken oder den Opfern der Deportation Badischer Juden nach Gurs im Rahmen der <a href=\"https:\/\/de.wikipedia.org\/wiki\/Wagner-B\u00fcrckel-Aktion\">Wagner-B\u00fcrckel-Aktion<\/a> am 21.\/22. Oktober 1940.<\/p>\n<p>Ich selbst bin jedoch f\u00fcr eine Harmonisierung von Feiertagen in Deutschland und w\u00fcrde keine landesspezifischen Feiertage einf\u00fchren, wenngleich ich sie f\u00fcr legitim halte.<\/p>\n<p><strong>Update 11:26 Uhr:<\/strong> <a href=\"https:\/\/twitter.com\/opiursls\/status\/838695633393434624\">Nat\u00fcrlich sind die Weihnachtsfeiertage<\/a> religi\u00f6se Feiertage. Ich w\u00fcrde sie aber aufgrund der Tatsache, dass inzwischen s\u00e4mtliche Menschen Weihnachten feiern, diese Tage erhalten. Das Weihnachtsfest hat einen Stellenwert erreicht, der weit \u00fcber das Christentum hinaus geht.<\/p>\n","protected":false},"excerpt":{"rendered":"<p>Religion ist f\u00fcr viele Menschen ein wichtiger und sinnstiftender Bestandteil ihres Lebens und dies ist&#8230;<\/p>\n","protected":false},"author":-1,"featured_media":0,"comment_status":"open","ping_status":"open","sticky":false,"template":"","format":"standard","meta":{"footnotes":""},"categories":[1],"tags":[],"class_list":["post-42339","post","type-post","status-publish","format-standard","hentry","category-allgemein"],"_links":{"self":[{"href":"https:\/\/norbert-hense.de\/index.php?rest_route=\/wp\/v2\/posts\/42339","targetHints":{"allow":["GET"]}}],"collection":[{"href":"https:\/\/norbert-hense.de\/index.php?rest_route=\/wp\/v2\/posts"}],"about":[{"href":"https:\/\/norbert-hense.de\/index.php?rest_route=\/wp\/v2\/types\/post"}],"author":[{"embeddable":true,"href":"https:\/\/norbert-hense.de\/index.php?rest_route=\/wp\/v2\/users\/1"}],"replies":[{"embeddable":true,"href":"https:\/\/norbert-hense.de\/index.php?rest_route=%2Fwp%2Fv2%2Fcomments&post=42339"}],"version-history":[{"count":5,"href":"https:\/\/norbert-hense.de\/index.php?rest_route=\/wp\/v2\/posts\/42339\/revisions"}],"predecessor-version":[{"id":42344,"href":"https:\/\/norbert-hense.de\/index.php?rest_route=\/wp\/v2\/posts\/42339\/revisions\/42344"}],"wp:attachment":[{"href":"https:\/\/norbert-hense.de\/index.php?rest_route=%2Fwp%2Fv2%2Fmedia&parent=42339"}],"wp:term":[{"taxonomy":"category","embeddable":true,"href":"https:\/\/norbert-hense.de\/index.php?rest_route=%2Fwp%2Fv2%2Fcategories&post=42339"},{"taxonomy":"post_tag","embeddable":true,"href":"https:\/\/norbert-hense.de\/index.php?rest_route=%2Fwp%2Fv2%2Ftags&post=42339"}],"curies":[{"name":"wp","href":"https:\/\/api.w.org\/{rel}","templated":true}]}}