{"id":42402,"date":"2019-05-17T12:00:08","date_gmt":"2019-05-17T10:00:08","guid":{"rendered":"http:\/\/norbert-hense.de\/?p=42402"},"modified":"2019-05-01T23:35:20","modified_gmt":"2019-05-01T21:35:20","slug":"hier-sind-bienen-und-gutes-klima-zuhause-energiewende-schaffen-artenvielfalt-erhalten","status":"publish","type":"post","link":"https:\/\/norbert-hense.de\/?p=42402","title":{"rendered":"Hier sind Bienen und gutes Klima zuhause: Energiewende schaffen, Artenvielfalt erhalten"},"content":{"rendered":"<p>Junge Menschen, wie die Kinder und Jugendlichen der Bewegung &#8222;Fridays for Future&#8220;, fordern die Einhaltung der Klimaziele, weil es um ihre und unsere Zukunft geht. Auch deshalb ist ein klimaneutrales Kehl bis 2050 unsere Vision!<!--more--><\/p>\n<p><img loading=\"lazy\" decoding=\"async\" src=\"http:\/\/norbert-hense.de\/wp-content\/uploads\/2019\/05\/Hier-sind-Bienen-wieder-zuhause.png\" alt=\"\" width=\"1080\" height=\"1080\" class=\"aligncenter size-full wp-image-42403\" srcset=\"https:\/\/norbert-hense.de\/wp-content\/uploads\/2019\/05\/Hier-sind-Bienen-wieder-zuhause.png 1080w, https:\/\/norbert-hense.de\/wp-content\/uploads\/2019\/05\/Hier-sind-Bienen-wieder-zuhause-150x150.png 150w, https:\/\/norbert-hense.de\/wp-content\/uploads\/2019\/05\/Hier-sind-Bienen-wieder-zuhause-768x768.png 768w, https:\/\/norbert-hense.de\/wp-content\/uploads\/2019\/05\/Hier-sind-Bienen-wieder-zuhause-125x125.png 125w\" sizes=\"auto, (max-width: 1080px) 100vw, 1080px\" \/><\/p>\n<p>Daher fordern wir Gr\u00fcne eine st\u00e4rkere Begr\u00fcnung von Fl\u00e4chen und kluge Nachverdichtung durch mehrgeschossige Bebauung, um den Fl\u00e4chenfra\u00df zu reduzieren. Dabei wollen wir jedoch auch gr\u00fcne Lungen in Kehl zulassen. Denn eine innovative Nachverdichtung l\u00e4sst auch Raum f\u00fcr Gr\u00fcnfl\u00e4chen und Naherholungsgebiete, die auch f\u00fcr die K\u00fchlung und Bel\u00fcftung der Stadt notwendig sind.<\/p>\n<p>Gemeinsam mit der B\u00fcrgerEnergieGenossenschaft sollen auch weiter &#8211; nach und nach &#8211; alle Kehler Stra\u00dfenlaternen auf LED umger\u00fcstet werden. Auch sollen die Stadt Kehl und der Landkreis ihren Stromverbrauch komplett durch \u00d6kostrom decken!<\/p>\n<p>Die B\u00fcrger*innen unserer Stadt und der Ortenau sollen besser beraten werden, wenn es um Solaranlagen geht. Denn: Kehler und Ortenauer D\u00e4cher k\u00f6nnten mehr, wenn man sie nur lie\u00dfe! \ud83d\ude09<\/p>\n<p><img loading=\"lazy\" decoding=\"async\" src=\"http:\/\/norbert-hense.de\/wp-content\/uploads\/2019\/05\/Hier-ist-gutes-Klima-zuhause.png\" alt=\"\" width=\"1080\" height=\"1080\" class=\"aligncenter size-full wp-image-42404\" srcset=\"https:\/\/norbert-hense.de\/wp-content\/uploads\/2019\/05\/Hier-ist-gutes-Klima-zuhause.png 1080w, https:\/\/norbert-hense.de\/wp-content\/uploads\/2019\/05\/Hier-ist-gutes-Klima-zuhause-150x150.png 150w, https:\/\/norbert-hense.de\/wp-content\/uploads\/2019\/05\/Hier-ist-gutes-Klima-zuhause-768x768.png 768w, https:\/\/norbert-hense.de\/wp-content\/uploads\/2019\/05\/Hier-ist-gutes-Klima-zuhause-125x125.png 125w\" sizes=\"auto, (max-width: 1080px) 100vw, 1080px\" \/><\/p>\n<p>Wie Neuried, wollen wir, dass auch Kehl Fair-Trade-Stadt wird und so seinen Beitrag f\u00fcr eine sozial-\u00f6kologischen Ausgleich in der Welt leistet. Daher will ich mich auch daf\u00fcr stark machen, dass die st\u00e4dtischen Geldanlagen nach sozialen und \u00f6kologischen Kriterien angelegt werden.<\/p>\n<p>Wir brauchen f\u00fcr Kehl \u00f6kologische Leitlinien, denen wir uns verpflichten. \u00d6ffentliche Rasenfl\u00e4chen k\u00f6nnte man zum Teil in Blumenwiesen umgestalten. Dabei sollte man darauf achten, dass man insektenfreundliche Pflanzen w\u00e4hlt. Diese sind sogar oftmals weniger pflegeintensiv. Durch eine kluge Pflanzenauswahl kann Kehl hier einen Beitrag zum Erhalt der Artenvielfalt leisten.<\/p>\n<p>Au\u00dferdem soll gepr\u00fcft werden, ob man in Zukunft auch Pflanzen, deren Fr\u00fcchte essbar sind, in st\u00e4dtischen Gr\u00fcnanlagen integrieren kann. Die Stadt Andernach in Rheinland-Pfalz beispielsweise hat einen st\u00e4dtischen Gem\u00fcse- und Kr\u00e4utergarten. Das dortige Projekt wurde mit zahlreichen Preisen ausgezeichnet. Solche Fl\u00e4chen in Kehl w\u00fcrden als Naherholung dienen und h\u00e4tten auch die Chance einen Beitrag f\u00fcr den Schulunterricht zu bieten. Thematische Aktionen rund um bestimmte Pflanzen k\u00f6nnten gemeinsam mit Kehl Marketing beworben werden.<\/p>\n<p>Aus zahlreichen Gespr\u00e4chen wei\u00df ich, dass viele Menschen das Gef\u00fchl haben, dass in Kehl wahllos und nach Gutd\u00fcnken B\u00e4ume gef\u00e4llt werden. Mir ist es daher wichtig, dass die Verwaltung nachvollziehbarer und im Gespr\u00e4ch mit den Menschen in Kehl Baumf\u00e4llungen vornimmt und auch daf\u00fcr Sorge tr\u00e4gt, dass sichtbar wieder nachgepflanzt wird.<\/p>\n","protected":false},"excerpt":{"rendered":"<p>Junge Menschen, wie die Kinder und Jugendlichen der Bewegung &#8222;Fridays for Future&#8220;, fordern die Einhaltung&#8230;<\/p>\n","protected":false},"author":-1,"featured_media":0,"comment_status":"open","ping_status":"open","sticky":false,"template":"","format":"standard","meta":{"footnotes":""},"categories":[6],"tags":[],"class_list":["post-42402","post","type-post","status-publish","format-standard","hentry","category-kommunalpolitik"],"_links":{"self":[{"href":"https:\/\/norbert-hense.de\/index.php?rest_route=\/wp\/v2\/posts\/42402","targetHints":{"allow":["GET"]}}],"collection":[{"href":"https:\/\/norbert-hense.de\/index.php?rest_route=\/wp\/v2\/posts"}],"about":[{"href":"https:\/\/norbert-hense.de\/index.php?rest_route=\/wp\/v2\/types\/post"}],"author":[{"embeddable":true,"href":"https:\/\/norbert-hense.de\/index.php?rest_route=\/wp\/v2\/users\/1"}],"replies":[{"embeddable":true,"href":"https:\/\/norbert-hense.de\/index.php?rest_route=%2Fwp%2Fv2%2Fcomments&post=42402"}],"version-history":[{"count":1,"href":"https:\/\/norbert-hense.de\/index.php?rest_route=\/wp\/v2\/posts\/42402\/revisions"}],"predecessor-version":[{"id":42405,"href":"https:\/\/norbert-hense.de\/index.php?rest_route=\/wp\/v2\/posts\/42402\/revisions\/42405"}],"wp:attachment":[{"href":"https:\/\/norbert-hense.de\/index.php?rest_route=%2Fwp%2Fv2%2Fmedia&parent=42402"}],"wp:term":[{"taxonomy":"category","embeddable":true,"href":"https:\/\/norbert-hense.de\/index.php?rest_route=%2Fwp%2Fv2%2Fcategories&post=42402"},{"taxonomy":"post_tag","embeddable":true,"href":"https:\/\/norbert-hense.de\/index.php?rest_route=%2Fwp%2Fv2%2Ftags&post=42402"}],"curies":[{"name":"wp","href":"https:\/\/api.w.org\/{rel}","templated":true}]}}