{"id":506,"date":"2013-06-07T15:54:08","date_gmt":"2013-06-07T13:54:08","guid":{"rendered":"http:\/\/norbert-hense.de\/?p=506"},"modified":"2013-06-07T16:07:43","modified_gmt":"2013-06-07T14:07:43","slug":"austritt-aus-mehr-demokratie","status":"publish","type":"post","link":"https:\/\/norbert-hense.de\/?p=506","title":{"rendered":"Austritt aus Mehr Demokratie"},"content":{"rendered":"<p>2008 wurde ich Mitglied von Mehr Demokratie. 2009 trieb mich das Thema &#8222;Bundesweiter Volksentscheid&#8220; zur Bundestagswahl. Mit diesem Thema kandidierte ich parteilos zum Bundestag. Nun bin ich kein Mitglied von Mehr Demokratie mehr.<\/p>\n<p>Warum?<\/p>\n<p>Erschrocken war ich schon, dass Mehr Demokratie gegen den ESM vor das Bundesverfassungsgericht zog. Ich sah das nicht als Aufgabe des Vereins an. Ich habe das aber geduldet, schlie\u00dflich f\u00fchrte mit Herta D\u00e4ubler-Gmelin ja jemand Anerkanntes die Klage.<\/p>\n<p>Dennoch scheint das bei Mehr Demokratie rechtsoffene Menschen angezogen zu haben bzw. es offenbart sich zunehmenst, dass Mehr Demokratie in Sachen Rechtspopulismus keine Haltung und nichteinmal Problembewusstsein zeigt.<\/p>\n<p>Konkret geht es um das Hambacher Fest. Das wird von der Piratenpartei in Zusammenarbeit mit anderen Parteien und Mehr Demokratie veranstaltet. Leider ist da auch die Partei der Vernunft dabei. Dies wurde schon kritisiert und die JuPis zogen sogar richtigerweise die Konsequenz und damit <a href=\"https:\/\/wiki.junge-piraten.de\/wiki\/Vorstand\/Beschluss\/20130325005_R%C3%BCcknahme_des_Beschlusses_20130207001_Teilnahme_am_Hambacher_Fest\">ihre Unterst\u00fctzung zur\u00fcck<\/a>.<\/p>\n<p>Nun setzte Mehr Demokratie noch Einen drauf und l\u00e4sst eine Rednerin der Alternative f\u00fcr Deutschland auf ein Podium. Auf Twitter darauf angesprochen, reagierte der Bundesverband <a href=\"https:\/\/twitter.com\/Volksentscheid\/status\/342311093701603328\">ohne Einsicht<\/a> und verwies auf den Landesverband. Auch das Bundesvorstandsmitglied Michael Efler machte auf Twitter <a href=\"https:\/\/twitter.com\/MichaelEfler\/status\/342919887993315329\">keine<\/a> gute <a href=\"https:\/\/twitter.com\/MichaelEfler\/status\/342998892654243842\">Figur<\/a>.<\/p>\n<p>Mehr Demokratie muss anerkennen, dass sie sich im politischen Feld bewegen. Da ist Haltung angesagt. Jeden toll zu finden, nur weil er Volksentscheide toll findet, ist nicht der Weg mehr Demokratie in Deutschland zu verwirklichen. Es ist ein Irrweg den ich nicht mitgehe. Ich biege ab &#8211; ich trete aus.<\/p>\n","protected":false},"excerpt":{"rendered":"<p>2008 wurde ich Mitglied von Mehr Demokratie. 2009 trieb mich das Thema &#8222;Bundesweiter Volksentscheid&#8220; zur&#8230;<\/p>\n","protected":false},"author":-1,"featured_media":0,"comment_status":"open","ping_status":"open","sticky":false,"template":"","format":"standard","meta":{"footnotes":""},"categories":[1],"tags":[128,129],"class_list":["post-506","post","type-post","status-publish","format-standard","hentry","category-allgemein","tag-mehr-demokratie","tag-rechtspopulismus"],"_links":{"self":[{"href":"https:\/\/norbert-hense.de\/index.php?rest_route=\/wp\/v2\/posts\/506","targetHints":{"allow":["GET"]}}],"collection":[{"href":"https:\/\/norbert-hense.de\/index.php?rest_route=\/wp\/v2\/posts"}],"about":[{"href":"https:\/\/norbert-hense.de\/index.php?rest_route=\/wp\/v2\/types\/post"}],"author":[{"embeddable":true,"href":"https:\/\/norbert-hense.de\/index.php?rest_route=\/wp\/v2\/users\/1"}],"replies":[{"embeddable":true,"href":"https:\/\/norbert-hense.de\/index.php?rest_route=%2Fwp%2Fv2%2Fcomments&post=506"}],"version-history":[{"count":7,"href":"https:\/\/norbert-hense.de\/index.php?rest_route=\/wp\/v2\/posts\/506\/revisions"}],"predecessor-version":[{"id":515,"href":"https:\/\/norbert-hense.de\/index.php?rest_route=\/wp\/v2\/posts\/506\/revisions\/515"}],"wp:attachment":[{"href":"https:\/\/norbert-hense.de\/index.php?rest_route=%2Fwp%2Fv2%2Fmedia&parent=506"}],"wp:term":[{"taxonomy":"category","embeddable":true,"href":"https:\/\/norbert-hense.de\/index.php?rest_route=%2Fwp%2Fv2%2Fcategories&post=506"},{"taxonomy":"post_tag","embeddable":true,"href":"https:\/\/norbert-hense.de\/index.php?rest_route=%2Fwp%2Fv2%2Ftags&post=506"}],"curies":[{"name":"wp","href":"https:\/\/api.w.org\/{rel}","templated":true}]}}