{"id":8632,"date":"2014-02-21T14:58:43","date_gmt":"2014-02-21T13:58:43","guid":{"rendered":"http:\/\/norbert-hense.de\/?p=8632"},"modified":"2014-02-21T15:18:45","modified_gmt":"2014-02-21T14:18:45","slug":"fluegelkaempfe","status":"publish","type":"post","link":"https:\/\/norbert-hense.de\/?p=8632","title":{"rendered":"Fl\u00fcgelk\u00e4mpfe"},"content":{"rendered":"<p>Nicht erst seit gestern f\u00fchrt die Partei einen Fl\u00fcgelkampf. Diesmal ist der Streit aber eskaliert. Ausl\u00f6ser war ein Foto einer Frau, die in Dresden sich mit blanker Brust bei <a href=\"http:\/\/de.wikipedia.org\/wiki\/Arthur_Harris\">Arthur Harris<\/a> <a href=\"http:\/\/postimg.org\/image\/kj7zhq3bd\/\">bedankt<\/a>. Dies geschah im Rahmen einer Gegendemonstration zu den regelm\u00e4\u00dfigen <a href=\"http:\/\/de.wikipedia.org\/wiki\/Gedenken_an_den_13._Februar_1945#Rechtsextremismus\">Aufm\u00e4rschen der Nazis<\/a> in Dresden.<\/p>\n<p>Ich finde diese Gegendemonstrationen wichtig und richtig. Schlie\u00dflich handelt es sich in Dresden um den gr\u00f6\u00dften Nazi-Aufmarsch Europas, bei dem Nazionalsozialist*innen aus zahlreichen Staaten wie \u00d6sterreich, Tschechien, Polen oder Frankreich teilnehmen. Ein Engagement tut Not.<\/p>\n<p>Die Bombadierung Dresdens ist milit\u00e4r(!)historisch nicht unumstritten. Nicht zu unrecht. Dennoch ist es falsch, wenn man die Dresdner*innen zu Opfern der Allierten macht &#8211; sie waren Opfer der Nazis. Hierzu empfehle ich den sehr guten Kommentar von <a href=\"http:\/\/www.youtube.com\/watch?v=srGuIAdPwIE\">Esther Schapira<\/a> (Hessischer Rundfunk\/Tagesschau): &#8222;Die Bombadierung war grausam und kostete bis zu 25.000 Dresdnern das Leben. Sie sind, so wie insgesamt 80 Millionen Menschen, Opfer der Nazi-Barberei. Auch wenn viel zu viele das bis heute nicht wahrhaben wollen.&#8220;<\/p>\n<p>Bei der Frau handelt es sich mutma\u00dflich um <a href=\"http:\/\/de.wikipedia.org\/wiki\/Anne_Helm\">Anne Helm<\/a>. Aufgrund dieser Tatsache wollten viele Pirat*innen ein Statement des Bundesvorstandes sehen, der die Aktion kritisieren sollte. Ich muss ehrlich sagen, dass mich diese Forderung verwunderte. V\u00f6llig unabh\u00e4ngig davon, ob das nun Anne ist oder nicht. Ich h\u00e4tte sicher nicht so gehandelt, wie die Frau, aber ich sehe keine Widerspruch zu unserem Programm. Ich sehe auch keinen Versto\u00df gegen die <a href=\"http:\/\/de.wikipedia.org\/wiki\/Freiheitliche_demokratische_Grundordnung\">FdGO<\/a>, wie ihn einige <a href=\"http:\/\/static.piratenpartei.de\/\">bef\u00fcrchten<\/a>.<\/p>\n<p>Ich m\u00f6chte hier auch einwerfen, dass ich mir auch mehr Empathie des linken Fl\u00fcgels f\u00fcr den liberalen Fl\u00fcgel w\u00fcnsche. Es gibt dort nicht nur Sexisten und Leute mit strangem Rechts-\/Politikverst\u00e4ndnis, sondern auch viele Pirat*innen, die ich sehr sch\u00e4tze und die f\u00fcr uns alle ein Gewinn darstellen.<\/p>\n<p>Ich finde, dass wir beide Fl\u00fcgel brauchen. Der liberale Fl\u00fcgel macht es mir aber, zugegeben, sehr schwer. Ich habe das Gef\u00fchl, dass er politisch nicht arbeitet, sondern nur den Untergang und die Entwicklung zu einer Linke 2.0 bef\u00fcrchtet. Der liberale Fl\u00fcgel hat sich ja mit dem Frankfurter Kollegium einen Rahmen gegeben. Das finde ich gar nicht falsch, auch wenn viele von Vereinsmeierei sprechen. Allerdings kommt inhaltlich <a href=\"http:\/\/frankfurterkollegium.de\/positionspapiere\/\"><del datetime=\"2014-02-21T11:48:08+00:00\">wenig<\/del> nichts<\/a>. Dieses inhaltliche Schweigen erh\u00f6ht auch das Gef\u00fchl, dass der linke Fl\u00fcgel die Meinungsf\u00fchrerschaft \u00fcbernommen h\u00e4tte.<\/p>\n<p>Au\u00dferdem finde ich, dass wir schauen m\u00fcssen, wie wir die Fl\u00fcgel auf Parteilisten repr\u00e4sentieren. Ja, wir brauchen hier ein genauso ausgewogenes Verh\u00e4ltnis, wie es andere Parteien praktizieren. Seien wir doch mal ehrlich: Wir liegen doch thematisch gar nicht weit auseinander. Ich habe (subjektiv!) aber das Gef\u00fchl, dass es dem linken Fl\u00fcgel eher gelingt unsere Kernthemen mit anderen Themen zu verkn\u00fcpfen. Da ist der Wert Freiheit, der sich auch in der Sozialpolitik (BGE) oder Asylpolitik (Mittelmeer) niederschlagen muss. Da ist der Kampf f\u00fcr eine vielf\u00e4ltige Gesellschaft (Migration\/Queer), der nat\u00fcrlich auch gegen Rechts (Antifaschismus) gef\u00fchrt werden muss. Daa ist das Engagement gegen \u00dcberwachung, dessen Ziel am Ende nat\u00fcrlich die Aufl\u00f6sung der Geheimdienste (vor allem Verfassungsschutz!) entgegenstehen muss.<\/p>\n<p>Ich bin aber auch der \u00dcberzeugung, dass diese Verkn\u00fcpfungen von jedem liberalen Mitglied unterschrieben werden k\u00f6nnen. Und wenn ich schaue, wie die Ergebnisse sind, wenn es mal wieder einen Wahl-o-Maten gibt, sehe ich, dass alle gleich bei +\/- 80 Prozent Piraten liegen. Daher frage ich mich auch manchmal: Woher kommen diese Fl\u00fcgelk\u00e4mpfe?<\/p>\n","protected":false},"excerpt":{"rendered":"<p>Nicht erst seit gestern f\u00fchrt die Partei einen Fl\u00fcgelkampf. Diesmal ist der Streit aber eskaliert&#8230;.<\/p>\n","protected":false},"author":-1,"featured_media":0,"comment_status":"open","ping_status":"open","sticky":false,"template":"","format":"standard","meta":{"footnotes":""},"categories":[1],"tags":[],"class_list":["post-8632","post","type-post","status-publish","format-standard","hentry","category-allgemein"],"_links":{"self":[{"href":"https:\/\/norbert-hense.de\/index.php?rest_route=\/wp\/v2\/posts\/8632","targetHints":{"allow":["GET"]}}],"collection":[{"href":"https:\/\/norbert-hense.de\/index.php?rest_route=\/wp\/v2\/posts"}],"about":[{"href":"https:\/\/norbert-hense.de\/index.php?rest_route=\/wp\/v2\/types\/post"}],"author":[{"embeddable":true,"href":"https:\/\/norbert-hense.de\/index.php?rest_route=\/wp\/v2\/users\/1"}],"replies":[{"embeddable":true,"href":"https:\/\/norbert-hense.de\/index.php?rest_route=%2Fwp%2Fv2%2Fcomments&post=8632"}],"version-history":[{"count":6,"href":"https:\/\/norbert-hense.de\/index.php?rest_route=\/wp\/v2\/posts\/8632\/revisions"}],"predecessor-version":[{"id":8639,"href":"https:\/\/norbert-hense.de\/index.php?rest_route=\/wp\/v2\/posts\/8632\/revisions\/8639"}],"wp:attachment":[{"href":"https:\/\/norbert-hense.de\/index.php?rest_route=%2Fwp%2Fv2%2Fmedia&parent=8632"}],"wp:term":[{"taxonomy":"category","embeddable":true,"href":"https:\/\/norbert-hense.de\/index.php?rest_route=%2Fwp%2Fv2%2Fcategories&post=8632"},{"taxonomy":"post_tag","embeddable":true,"href":"https:\/\/norbert-hense.de\/index.php?rest_route=%2Fwp%2Fv2%2Ftags&post=8632"}],"curies":[{"name":"wp","href":"https:\/\/api.w.org\/{rel}","templated":true}]}}