{"id":889,"date":"2013-08-28T08:28:18","date_gmt":"2013-08-28T06:28:18","guid":{"rendered":"http:\/\/norbert-hense.de\/?p=889"},"modified":"2013-08-28T08:28:18","modified_gmt":"2013-08-28T06:28:18","slug":"gemeinsame-erklaerung-gegen-nazis","status":"publish","type":"post","link":"https:\/\/norbert-hense.de\/?p=889","title":{"rendered":"Gemeinsame Erkl\u00e4rung gegen Nazis"},"content":{"rendered":"<p>Am Donnerstag wollen die Nazis in Offenburg eine Wahlkampfveranstaltung durchf\u00fchren. Wir, die Bundestagskandidat*innen des Wahlkreises Offenburg, rufen dazu auf, deutlich zu machen, dass die NPD in Offenburg nicht willkommen ist.<\/p>\n<p>Herr Dr. Sch\u00e4uble wurde angefragt, ebenfalls die Erkl\u00e4rung zu unterst\u00fctzen. Er lehnte ab, da die CDU den Nazis keine Aufmerksamkeit schenken will.<\/p>\n<p>Ich finde es schade, dass die CDU sich zwar daf\u00fcr sch\u00e4mt, dass in Deutschland Synagogen etc durch Polizei gesch\u00fctzt werden m\u00fcssen, sich aber f\u00fcr ein klares Statement und Engagement gegen Nazis zu schade ist.<\/p>\n<p>Hier die Erkl\u00e4rung im Wortlaut:<\/p>\n<blockquote><p>Nachdem die NPD in den letzten Jahren keinen Fu\u00df in die Ortenau bekam,<br \/>\nplant sie am 30. August eine Wahlkampfveranstaltung in Offenburg.<\/p>\n<p>In Zeiten von NSU-Terror und rassistischer Hetze gegen Asylbewerberinnen<br \/>\nund -bewerber, wie derzeit in Berlin-Hellersdorf, d\u00fcrfen die Parolen von<br \/>\nNazis kein Geh\u00f6r finden.<\/p>\n<p>Wir rufen daher alle auf gegen Nazis die Stimme zu erheben und zu<br \/>\ndemonstrieren, dass Rassismus, Homophobie und Intoleranz keinen Platz in<br \/>\nder Ortenau haben!<\/p>\n<p>Elvira Drobinski-Wei\u00df, MdB, SPD<br \/>\nLudwig Kornmeier, Gr\u00fcne<br \/>\nJan Sachs, FDP<br \/>\nLars Stern, Die Linke<br \/>\nNorbert Hense, Piratenpartei<\/p><\/blockquote>\n","protected":false},"excerpt":{"rendered":"<p>Am Donnerstag wollen die Nazis in Offenburg eine Wahlkampfveranstaltung durchf\u00fchren. Wir, die Bundestagskandidat*innen des Wahlkreises&#8230;<\/p>\n","protected":false},"author":-1,"featured_media":0,"comment_status":"open","ping_status":"open","sticky":false,"template":"","format":"standard","meta":{"footnotes":""},"categories":[1],"tags":[153,78,152],"class_list":["post-889","post","type-post","status-publish","format-standard","hentry","category-allgemein","tag-flaggschiff","tag-npd","tag-offenburg"],"_links":{"self":[{"href":"https:\/\/norbert-hense.de\/index.php?rest_route=\/wp\/v2\/posts\/889","targetHints":{"allow":["GET"]}}],"collection":[{"href":"https:\/\/norbert-hense.de\/index.php?rest_route=\/wp\/v2\/posts"}],"about":[{"href":"https:\/\/norbert-hense.de\/index.php?rest_route=\/wp\/v2\/types\/post"}],"author":[{"embeddable":true,"href":"https:\/\/norbert-hense.de\/index.php?rest_route=\/wp\/v2\/users\/1"}],"replies":[{"embeddable":true,"href":"https:\/\/norbert-hense.de\/index.php?rest_route=%2Fwp%2Fv2%2Fcomments&post=889"}],"version-history":[{"count":1,"href":"https:\/\/norbert-hense.de\/index.php?rest_route=\/wp\/v2\/posts\/889\/revisions"}],"predecessor-version":[{"id":890,"href":"https:\/\/norbert-hense.de\/index.php?rest_route=\/wp\/v2\/posts\/889\/revisions\/890"}],"wp:attachment":[{"href":"https:\/\/norbert-hense.de\/index.php?rest_route=%2Fwp%2Fv2%2Fmedia&parent=889"}],"wp:term":[{"taxonomy":"category","embeddable":true,"href":"https:\/\/norbert-hense.de\/index.php?rest_route=%2Fwp%2Fv2%2Fcategories&post=889"},{"taxonomy":"post_tag","embeddable":true,"href":"https:\/\/norbert-hense.de\/index.php?rest_route=%2Fwp%2Fv2%2Ftags&post=889"}],"curies":[{"name":"wp","href":"https:\/\/api.w.org\/{rel}","templated":true}]}}